{"id":464,"date":"2019-01-08T21:13:06","date_gmt":"2019-01-08T20:13:06","guid":{"rendered":"http:\/\/www.nfs.org.pl\/?p=464"},"modified":"2019-01-08T21:13:06","modified_gmt":"2019-01-08T20:13:06","slug":"i-kurs-kliniczny-medycyny-snu","status":"publish","type":"post","link":"https:\/\/www.nfs.org.pl\/index.php\/2019\/01\/08\/i-kurs-kliniczny-medycyny-snu\/","title":{"rendered":"I KURS KLINICZNY MEDYCYNY SNU"},"content":{"rendered":"\n<p>29-30.03.2019 r. organizujemy I Kliniczny Kurs Medycyny Snu &#8211; cz\u0119\u015b\u0107 I. Wszystkie informacje dost\u0119pne s\u0105 w menu Dzia\u0142alno\u015b\u0107 -> Kursy\/ Szkolenia.<br><br><a rel=\"noreferrer noopener\" aria-label=\"http:\/\/www.nfs.org.pl\/index.php\/kursy-szkolenia\/ (opens in a new tab)\" href=\"http:\/\/www.nfs.org.pl\/index.php\/kursy-szkolenia\/\" target=\"_blank\">http:\/\/www.nfs.org.pl\/index.php\/kursy-szkolenia\/<\/a><\/p>\n\n\n\n<p><\/p>\n","protected":false},"excerpt":{"rendered":"<p>29-30.03.2019 r. organizujemy I Kliniczny Kurs Medycyny Snu &#8211; cz\u0119\u015b\u0107 I. Wszystkie informacje dost\u0119pne s\u0105 w menu Dzia\u0142alno\u015b\u0107 -> Kursy\/ Szkolenia. http:\/\/www.nfs.org.pl\/index.php\/kursy-szkolenia\/<\/p>\n","protected":false},"author":1,"featured_media":0,"comment_status":"open","ping_status":"open","sticky":false,"template":"","format":"standard","meta":{"_jetpack_memberships_contains_paid_content":false,"footnotes":""},"categories":[1],"tags":[],"class_list":["post-464","post","type-post","status-publish","format-standard","hentry","category-bez-kategorii"],"yoast_head":"<!-- This site is optimized with the Yoast SEO plugin v25.6 - https:\/\/yoast.com\/wordpress\/plugins\/seo\/ -->\n<title>I KURS KLINICZNY MEDYCYNY SNU - Narodowa Fundacja Snu<\/title>\n<meta name=\"robots\" content=\"index, follow, max-snippet:-1, max-image-preview:large, max-video-preview:-1\" \/>\n<link rel=\"canonical\" href=\"https:\/\/www.nfs.org.pl\/index.php\/2019\/01\/08\/i-kurs-kliniczny-medycyny-snu\/\" \/>\n<meta property=\"og:locale\" content=\"pl_PL\" \/>\n<meta property=\"og:type\" content=\"article\" \/>\n<meta property=\"og:title\" content=\"I KURS KLINICZNY MEDYCYNY SNU - Narodowa Fundacja Snu\" \/>\n<meta property=\"og:description\" content=\"29-30.03.2019 r. organizujemy I Kliniczny Kurs Medycyny Snu &#8211; cz\u0119\u015b\u0107 I. Wszystkie informacje dost\u0119pne s\u0105 w menu Dzia\u0142alno\u015b\u0107 -&gt; Kursy\/ Szkolenia. http:\/\/www.nfs.org.pl\/index.php\/kursy-szkolenia\/\" \/>\n<meta property=\"og:url\" content=\"https:\/\/www.nfs.org.pl\/index.php\/2019\/01\/08\/i-kurs-kliniczny-medycyny-snu\/\" \/>\n<meta property=\"og:site_name\" content=\"Narodowa Fundacja Snu\" \/>\n<meta property=\"article:publisher\" content=\"https:\/\/www.facebook.com\/Narodowa.Fundacja.Snu\/\" \/>\n<meta property=\"article:published_time\" content=\"2019-01-08T20:13:06+00:00\" \/>\n<meta name=\"author\" content=\"Padmin\" \/>\n<meta name=\"twitter:card\" content=\"summary_large_image\" \/>\n<meta name=\"twitter:label1\" content=\"Napisane przez\" \/>\n\t<meta name=\"twitter:data1\" content=\"Padmin\" \/>\n<script type=\"application\/ld+json\" class=\"yoast-schema-graph\">{\"@context\":\"https:\/\/schema.org\",\"@graph\":[{\"@type\":\"Article\",\"@id\":\"https:\/\/www.nfs.org.pl\/index.php\/2019\/01\/08\/i-kurs-kliniczny-medycyny-snu\/#article\",\"isPartOf\":{\"@id\":\"https:\/\/www.nfs.org.pl\/index.php\/2019\/01\/08\/i-kurs-kliniczny-medycyny-snu\/\"},\"author\":{\"name\":\"Padmin\",\"@id\":\"https:\/\/www.nfs.org.pl\/#\/schema\/person\/95bf74a065a02ff984bd9c00e21896e9\"},\"headline\":\"I KURS KLINICZNY MEDYCYNY SNU\",\"datePublished\":\"2019-01-08T20:13:06+00:00\",\"mainEntityOfPage\":{\"@id\":\"https:\/\/www.nfs.org.pl\/index.php\/2019\/01\/08\/i-kurs-kliniczny-medycyny-snu\/\"},\"wordCount\":36,\"commentCount\":0,\"publisher\":{\"@id\":\"https:\/\/www.nfs.org.pl\/#organization\"},\"inLanguage\":\"pl-PL\",\"potentialAction\":[{\"@type\":\"CommentAction\",\"name\":\"Comment\",\"target\":[\"https:\/\/www.nfs.org.pl\/index.php\/2019\/01\/08\/i-kurs-kliniczny-medycyny-snu\/#respond\"]}]},{\"@type\":\"WebPage\",\"@id\":\"https:\/\/www.nfs.org.pl\/index.php\/2019\/01\/08\/i-kurs-kliniczny-medycyny-snu\/\",\"url\":\"https:\/\/www.nfs.org.pl\/index.php\/2019\/01\/08\/i-kurs-kliniczny-medycyny-snu\/\",\"name\":\"I KURS KLINICZNY MEDYCYNY SNU - Narodowa Fundacja Snu\",\"isPartOf\":{\"@id\":\"https:\/\/www.nfs.org.pl\/#website\"},\"datePublished\":\"2019-01-08T20:13:06+00:00\",\"breadcrumb\":{\"@id\":\"https:\/\/www.nfs.org.pl\/index.php\/2019\/01\/08\/i-kurs-kliniczny-medycyny-snu\/#breadcrumb\"},\"inLanguage\":\"pl-PL\",\"potentialAction\":[{\"@type\":\"ReadAction\",\"target\":[\"https:\/\/www.nfs.org.pl\/index.php\/2019\/01\/08\/i-kurs-kliniczny-medycyny-snu\/\"]}]},{\"@type\":\"BreadcrumbList\",\"@id\":\"https:\/\/www.nfs.org.pl\/index.php\/2019\/01\/08\/i-kurs-kliniczny-medycyny-snu\/#breadcrumb\",\"itemListElement\":[{\"@type\":\"ListItem\",\"position\":1,\"name\":\"Strona g\u0142\u00f3wna\",\"item\":\"https:\/\/www.nfs.org.pl\/\"},{\"@type\":\"ListItem\",\"position\":2,\"name\":\"I&nbsp;KURS KLINICZNY MEDYCYNY SNU\"}]},{\"@type\":\"WebSite\",\"@id\":\"https:\/\/www.nfs.org.pl\/#website\",\"url\":\"https:\/\/www.nfs.org.pl\/\",\"name\":\"Narodowa Fundacja Snu\",\"description\":\"Sen to 1\/3 Twojego \u017cycia. Pami\u0119taj o nim!\",\"publisher\":{\"@id\":\"https:\/\/www.nfs.org.pl\/#organization\"},\"potentialAction\":[{\"@type\":\"SearchAction\",\"target\":{\"@type\":\"EntryPoint\",\"urlTemplate\":\"https:\/\/www.nfs.org.pl\/?s={search_term_string}\"},\"query-input\":{\"@type\":\"PropertyValueSpecification\",\"valueRequired\":true,\"valueName\":\"search_term_string\"}}],\"inLanguage\":\"pl-PL\"},{\"@type\":\"Organization\",\"@id\":\"https:\/\/www.nfs.org.pl\/#organization\",\"name\":\"Narodowa Fundacja Snu\",\"url\":\"https:\/\/www.nfs.org.pl\/\",\"logo\":{\"@type\":\"ImageObject\",\"inLanguage\":\"pl-PL\",\"@id\":\"https:\/\/www.nfs.org.pl\/#\/schema\/logo\/image\/\",\"url\":\"https:\/\/i0.wp.com\/www.nfs.org.pl\/wp-content\/uploads\/2020\/03\/cropped-NFS-logo-big-granat-transparent-v2.png?fit=486%2C250&ssl=1\",\"contentUrl\":\"https:\/\/i0.wp.com\/www.nfs.org.pl\/wp-content\/uploads\/2020\/03\/cropped-NFS-logo-big-granat-transparent-v2.png?fit=486%2C250&ssl=1\",\"width\":486,\"height\":250,\"caption\":\"Narodowa Fundacja Snu\"},\"image\":{\"@id\":\"https:\/\/www.nfs.org.pl\/#\/schema\/logo\/image\/\"},\"sameAs\":[\"https:\/\/www.facebook.com\/Narodowa.Fundacja.Snu\/\"]},{\"@type\":\"Person\",\"@id\":\"https:\/\/www.nfs.org.pl\/#\/schema\/person\/95bf74a065a02ff984bd9c00e21896e9\",\"name\":\"Padmin\",\"image\":{\"@type\":\"ImageObject\",\"inLanguage\":\"pl-PL\",\"@id\":\"https:\/\/www.nfs.org.pl\/#\/schema\/person\/image\/\",\"url\":\"https:\/\/secure.gravatar.com\/avatar\/0fd7e05091bf56f0c4a5a5fee9dab67b?s=96&d=mm&r=g\",\"contentUrl\":\"https:\/\/secure.gravatar.com\/avatar\/0fd7e05091bf56f0c4a5a5fee9dab67b?s=96&d=mm&r=g\",\"caption\":\"Padmin\"},\"url\":\"https:\/\/www.nfs.org.pl\/index.php\/author\/admin\/\"}]}<\/script>\n<!-- \/ Yoast SEO plugin. -->","yoast_head_json":{"title":"I KURS KLINICZNY MEDYCYNY SNU - Narodowa Fundacja Snu","robots":{"index":"index","follow":"follow","max-snippet":"max-snippet:-1","max-image-preview":"max-image-preview:large","max-video-preview":"max-video-preview:-1"},"canonical":"https:\/\/www.nfs.org.pl\/index.php\/2019\/01\/08\/i-kurs-kliniczny-medycyny-snu\/","og_locale":"pl_PL","og_type":"article","og_title":"I KURS KLINICZNY MEDYCYNY SNU - Narodowa Fundacja Snu","og_description":"29-30.03.2019 r. organizujemy I Kliniczny Kurs Medycyny Snu &#8211; cz\u0119\u015b\u0107 I. Wszystkie informacje dost\u0119pne s\u0105 w menu Dzia\u0142alno\u015b\u0107 -> Kursy\/ Szkolenia. http:\/\/www.nfs.org.pl\/index.php\/kursy-szkolenia\/","og_url":"https:\/\/www.nfs.org.pl\/index.php\/2019\/01\/08\/i-kurs-kliniczny-medycyny-snu\/","og_site_name":"Narodowa Fundacja Snu","article_publisher":"https:\/\/www.facebook.com\/Narodowa.Fundacja.Snu\/","article_published_time":"2019-01-08T20:13:06+00:00","author":"Padmin","twitter_card":"summary_large_image","twitter_misc":{"Napisane przez":"Padmin"},"schema":{"@context":"https:\/\/schema.org","@graph":[{"@type":"Article","@id":"https:\/\/www.nfs.org.pl\/index.php\/2019\/01\/08\/i-kurs-kliniczny-medycyny-snu\/#article","isPartOf":{"@id":"https:\/\/www.nfs.org.pl\/index.php\/2019\/01\/08\/i-kurs-kliniczny-medycyny-snu\/"},"author":{"name":"Padmin","@id":"https:\/\/www.nfs.org.pl\/#\/schema\/person\/95bf74a065a02ff984bd9c00e21896e9"},"headline":"I KURS KLINICZNY MEDYCYNY SNU","datePublished":"2019-01-08T20:13:06+00:00","mainEntityOfPage":{"@id":"https:\/\/www.nfs.org.pl\/index.php\/2019\/01\/08\/i-kurs-kliniczny-medycyny-snu\/"},"wordCount":36,"commentCount":0,"publisher":{"@id":"https:\/\/www.nfs.org.pl\/#organization"},"inLanguage":"pl-PL","potentialAction":[{"@type":"CommentAction","name":"Comment","target":["https:\/\/www.nfs.org.pl\/index.php\/2019\/01\/08\/i-kurs-kliniczny-medycyny-snu\/#respond"]}]},{"@type":"WebPage","@id":"https:\/\/www.nfs.org.pl\/index.php\/2019\/01\/08\/i-kurs-kliniczny-medycyny-snu\/","url":"https:\/\/www.nfs.org.pl\/index.php\/2019\/01\/08\/i-kurs-kliniczny-medycyny-snu\/","name":"I KURS KLINICZNY MEDYCYNY SNU - Narodowa Fundacja Snu","isPartOf":{"@id":"https:\/\/www.nfs.org.pl\/#website"},"datePublished":"2019-01-08T20:13:06+00:00","breadcrumb":{"@id":"https:\/\/www.nfs.org.pl\/index.php\/2019\/01\/08\/i-kurs-kliniczny-medycyny-snu\/#breadcrumb"},"inLanguage":"pl-PL","potentialAction":[{"@type":"ReadAction","target":["https:\/\/www.nfs.org.pl\/index.php\/2019\/01\/08\/i-kurs-kliniczny-medycyny-snu\/"]}]},{"@type":"BreadcrumbList","@id":"https:\/\/www.nfs.org.pl\/index.php\/2019\/01\/08\/i-kurs-kliniczny-medycyny-snu\/#breadcrumb","itemListElement":[{"@type":"ListItem","position":1,"name":"Strona g\u0142\u00f3wna","item":"https:\/\/www.nfs.org.pl\/"},{"@type":"ListItem","position":2,"name":"I&nbsp;KURS KLINICZNY MEDYCYNY SNU"}]},{"@type":"WebSite","@id":"https:\/\/www.nfs.org.pl\/#website","url":"https:\/\/www.nfs.org.pl\/","name":"Narodowa Fundacja Snu","description":"Sen to 1\/3 Twojego \u017cycia. Pami\u0119taj o nim!","publisher":{"@id":"https:\/\/www.nfs.org.pl\/#organization"},"potentialAction":[{"@type":"SearchAction","target":{"@type":"EntryPoint","urlTemplate":"https:\/\/www.nfs.org.pl\/?s={search_term_string}"},"query-input":{"@type":"PropertyValueSpecification","valueRequired":true,"valueName":"search_term_string"}}],"inLanguage":"pl-PL"},{"@type":"Organization","@id":"https:\/\/www.nfs.org.pl\/#organization","name":"Narodowa Fundacja Snu","url":"https:\/\/www.nfs.org.pl\/","logo":{"@type":"ImageObject","inLanguage":"pl-PL","@id":"https:\/\/www.nfs.org.pl\/#\/schema\/logo\/image\/","url":"https:\/\/i0.wp.com\/www.nfs.org.pl\/wp-content\/uploads\/2020\/03\/cropped-NFS-logo-big-granat-transparent-v2.png?fit=486%2C250&ssl=1","contentUrl":"https:\/\/i0.wp.com\/www.nfs.org.pl\/wp-content\/uploads\/2020\/03\/cropped-NFS-logo-big-granat-transparent-v2.png?fit=486%2C250&ssl=1","width":486,"height":250,"caption":"Narodowa Fundacja Snu"},"image":{"@id":"https:\/\/www.nfs.org.pl\/#\/schema\/logo\/image\/"},"sameAs":["https:\/\/www.facebook.com\/Narodowa.Fundacja.Snu\/"]},{"@type":"Person","@id":"https:\/\/www.nfs.org.pl\/#\/schema\/person\/95bf74a065a02ff984bd9c00e21896e9","name":"Padmin","image":{"@type":"ImageObject","inLanguage":"pl-PL","@id":"https:\/\/www.nfs.org.pl\/#\/schema\/person\/image\/","url":"https:\/\/secure.gravatar.com\/avatar\/0fd7e05091bf56f0c4a5a5fee9dab67b?s=96&d=mm&r=g","contentUrl":"https:\/\/secure.gravatar.com\/avatar\/0fd7e05091bf56f0c4a5a5fee9dab67b?s=96&d=mm&r=g","caption":"Padmin"},"url":"https:\/\/www.nfs.org.pl\/index.php\/author\/admin\/"}]}},"jetpack_sharing_enabled":true,"jetpack_featured_media_url":"","_links":{"self":[{"href":"https:\/\/www.nfs.org.pl\/index.php\/wp-json\/wp\/v2\/posts\/464"}],"collection":[{"href":"https:\/\/www.nfs.org.pl\/index.php\/wp-json\/wp\/v2\/posts"}],"about":[{"href":"https:\/\/www.nfs.org.pl\/index.php\/wp-json\/wp\/v2\/types\/post"}],"author":[{"embeddable":true,"href":"https:\/\/www.nfs.org.pl\/index.php\/wp-json\/wp\/v2\/users\/1"}],"replies":[{"embeddable":true,"href":"https:\/\/www.nfs.org.pl\/index.php\/wp-json\/wp\/v2\/comments?post=464"}],"version-history":[{"count":0,"href":"https:\/\/www.nfs.org.pl\/index.php\/wp-json\/wp\/v2\/posts\/464\/revisions"}],"wp:attachment":[{"href":"https:\/\/www.nfs.org.pl\/index.php\/wp-json\/wp\/v2\/media?parent=464"}],"wp:term":[{"taxonomy":"category","embeddable":true,"href":"https:\/\/www.nfs.org.pl\/index.php\/wp-json\/wp\/v2\/categories?post=464"},{"taxonomy":"post_tag","embeddable":true,"href":"https:\/\/www.nfs.org.pl\/index.php\/wp-json\/wp\/v2\/tags?post=464"}],"curies":[{"name":"wp","href":"https:\/\/api.w.org\/{rel}","templated":true}]}}